{"id":5740,"date":"2026-04-11T03:22:44","date_gmt":"2026-04-11T06:22:44","guid":{"rendered":"https:\/\/ifdgomez-crr.infd.edu.ar\/sitio\/?p=5740"},"modified":"2026-04-11T03:22:47","modified_gmt":"2026-04-11T06:22:47","slug":"llamado-a-concurso-extraordinario-40","status":"publish","type":"post","link":"https:\/\/ifdgomez-crr.infd.edu.ar\/sitio\/llamado-a-concurso-extraordinario-40\/","title":{"rendered":"Llamado a Concurso Extraordinario"},"content":{"rendered":"\n<p>El Rectorado del Instituto Superior de Formaci\u00f3n Docente \u201cProfesor Agust\u00edn G\u00f3mez\u201d llama a inscripci\u00f3n extraordinaria de aspirantes a cubrir las unidades curriculares vacantes, de acuerdo al detalle que obra m\u00e1s abajo.<\/p>\n\n\n\n<p>Los interesados deben efectivizar la inscripci\u00f3n, comienzan desde la fecha 10\/04\/2026 hasta el 13\/04\/2026 con plazo de gracia 14\/04\/2026 hasta de 14:00 a 16:00 hs. \u00a0Los aspirantes deber\u00e1n generar su ficha y concurrir al Instituto dentro de estos plazos.<\/p>\n\n\n\n<p>Inscripci\u00f3n en:<\/p>\n\n\n\n<p>\u00a0<a href=\"http:\/\/simaeducativa.mec.gob.ar\/modulo\/interinatoysuplencia\/?libres\"><strong>http:\/\/simaeducativa.mec.gob.ar\/modulo\/interinatoysuplencia\/?libres<\/strong><\/a><\/p>\n\n\n\n<p><strong><u>UNIDADES CURRICULARES A CUBRIR \u2013<\/u><\/strong><\/p>\n\n\n\n<figure class=\"wp-block-table\"><table><tbody><tr><td><strong>CARRERA<\/strong><\/td><td><strong>CURSO<\/strong><\/td><td><strong>UNIDAD CURRICULAR<\/strong><\/td><td><strong>N\u00ba DE HORAS<\/strong><\/td><td><strong>CAR\u00c1CTER DEL DOCENTE A DESIGNAR<\/strong><\/td><td><strong>PERIODICIDAD<\/strong><\/td><\/tr><tr><td><strong>CURSO DE CAPACITACI\u00d3N EN LENGUA INGLESA<\/strong><\/td><td>3\u00b0<\/td><td>FON\u00c9TICA Y DICCI\u00d3N 3<\/td><td>2<\/td><td>INTERINO<\/td><td>ANUAL<\/td><\/tr><tr><td><strong>PROFESORADO DE ARTES VISUALES<\/strong><\/td><td>2\u00b0<\/td><td>PR\u00c1CTICA DOCENTE II: PROGRAMACI\u00d3N DE LA ENSE\u00d1ANZA\/CURR\u00cdCULUM Y ORGANIZACIONES ESCOLARES<\/td><td>7<\/td><td>INTERINO<\/td><td>ANUAL<\/td><\/tr><\/tbody><\/table><\/figure>\n","protected":false},"excerpt":{"rendered":"<p>El Rectorado del Instituto Superior de Formaci\u00f3n Docente \u201cProfesor Agust\u00edn G\u00f3mez\u201d llama a inscripci\u00f3n extraordinaria de aspirantes a cubrir las unidades curriculares vacantes, de acuerdo al detalle que obra m\u00e1s abajo. Los interesados deben efectivizar la inscripci\u00f3n, comienzan desde la fecha 10\/04\/2026 hasta el 13\/04\/2026 con plazo de gracia 14\/04\/2026 hasta de 14:00 a 16:00 &#8230; <a title=\"Llamado a Concurso Extraordinario\" class=\"read-more\" href=\"https:\/\/ifdgomez-crr.infd.edu.ar\/sitio\/llamado-a-concurso-extraordinario-40\/\" aria-label=\"More on Llamado a Concurso Extraordinario\">[+]<\/a><\/p>\n","protected":false},"author":978,"featured_media":0,"comment_status":"open","ping_status":"open","sticky":false,"template":"","format":"standard","meta":[],"categories":[1],"tags":[],"acf":[],"_links":{"self":[{"href":"https:\/\/ifdgomez-crr.infd.edu.ar\/sitio\/wp-json\/wp\/v2\/posts\/5740"}],"collection":[{"href":"https:\/\/ifdgomez-crr.infd.edu.ar\/sitio\/wp-json\/wp\/v2\/posts"}],"about":[{"href":"https:\/\/ifdgomez-crr.infd.edu.ar\/sitio\/wp-json\/wp\/v2\/types\/post"}],"author":[{"embeddable":true,"href":"https:\/\/ifdgomez-crr.infd.edu.ar\/sitio\/wp-json\/wp\/v2\/users\/978"}],"replies":[{"embeddable":true,"href":"https:\/\/ifdgomez-crr.infd.edu.ar\/sitio\/wp-json\/wp\/v2\/comments?post=5740"}],"version-history":[{"count":1,"href":"https:\/\/ifdgomez-crr.infd.edu.ar\/sitio\/wp-json\/wp\/v2\/posts\/5740\/revisions"}],"predecessor-version":[{"id":5741,"href":"https:\/\/ifdgomez-crr.infd.edu.ar\/sitio\/wp-json\/wp\/v2\/posts\/5740\/revisions\/5741"}],"wp:attachment":[{"href":"https:\/\/ifdgomez-crr.infd.edu.ar\/sitio\/wp-json\/wp\/v2\/media?parent=5740"}],"wp:term":[{"taxonomy":"category","embeddable":true,"href":"https:\/\/ifdgomez-crr.infd.edu.ar\/sitio\/wp-json\/wp\/v2\/categories?post=5740"},{"taxonomy":"post_tag","embeddable":true,"href":"https:\/\/ifdgomez-crr.infd.edu.ar\/sitio\/wp-json\/wp\/v2\/tags?post=5740"}],"curies":[{"name":"wp","href":"https:\/\/api.w.org\/{rel}","templated":true}]}}