{"id":5776,"date":"2026-04-21T14:25:34","date_gmt":"2026-04-21T17:25:34","guid":{"rendered":"https:\/\/ifdgomez-crr.infd.edu.ar\/sitio\/?p=5776"},"modified":"2026-04-21T14:25:36","modified_gmt":"2026-04-21T17:25:36","slug":"invitacion-programa-de-ajedrez-educativo-2026","status":"publish","type":"post","link":"https:\/\/ifdgomez-crr.infd.edu.ar\/sitio\/invitacion-programa-de-ajedrez-educativo-2026\/","title":{"rendered":"Invitaci\u00f3n &#8211; Programa de Ajedrez Educativo 2026"},"content":{"rendered":"\n<p>Desde la\u00a0Direcci\u00f3n General de Nivel Superior, en articulaci\u00f3n con la\u00a0Direcci\u00f3n General de Educaci\u00f3n F\u00edsica se invita a la comunidad educativa a participar en el\u00a0Programa de Ajedrez Educativo 2026.<br><br><strong>FECHA L\u00cdMITE: 4 de Mayo de 2026<\/strong><\/p>\n\n\n\n<p>El ajedrez educativo no solo fomenta el razonamiento l\u00f3gico, sino que tambi\u00e9n estimula la imaginaci\u00f3n, la creatividad y la capacidad de desarrollar proyectos con sentido. Es una oportunidad estrat\u00e9gica para consolidar v\u00ednculos interinstitucionales y comunidades de aprendizaje mediadas por entornos virtuales.<\/p>\n\n\n\n<p>Esta propuesta se enmarca en la Ley Provincial&nbsp;6.458 y su Decreto Reglamentario 201\/18, que establecen la implementaci\u00f3n del ajedrez en todo el sistema educativo de Corrientes.<\/p>\n\n\n\n<p>Desde el a\u00f1o 2016, con el lanzamiento de \u00abJaque Mate Chamigo\u00bb, nuestra provincia viene consolidando el ajedrez como una herramienta clave para el fortalecimiento de las comunidades educativas. El objetivo para este ciclo es potenciar las destrezas, aptitudes y capacidades de los estudiantes de Nivel Superior, fortaleciendo sus trayectorias a trav\u00e9s de la pr\u00e1ctica estrat\u00e9gica y el pensamiento cr\u00edtico.<\/p>\n\n\n\n<p><strong>Estructura y Formato del Programa<\/strong><\/p>\n\n\n\n<p>El programa se desarrollar\u00e1 para <strong>alumnos y docentes<\/strong> de los\u00a0Institutos Superiores de Formaci\u00f3n Docente y T\u00e9cnica Superior\u00a0bajo una modalidad mixta:<\/p>\n\n\n\n<p>1. Instancia Digital (Circuito Clasificatorio de 16 etapas):<\/p>\n\n\n\n<ul>\n<li>Se realizar\u00e1n diecis\u00e9is (16) encuentros virtuales mediante la plataforma&nbsp;<a href=\"http:\/\/lichess.org\/\" target=\"_blank\" rel=\"noreferrer noopener\">lichess.org<\/a>.<\/li>\n\n\n\n<li>Los encuentros se disputar\u00e1n los d\u00edas s\u00e1bados, de 15:00 a 16:30 hs.<\/li>\n\n\n\n<li>La modalidad ser\u00e1 tipo&nbsp;Arena&nbsp;con un ritmo de juego de 5&#8217;+3&#8243; (5 minutos m\u00e1s 3 segundos de incremento por jugada).<\/li>\n\n\n\n<li>Cada Instituto podr\u00e1 presentar la cantidad de equipos que considere, conformados por cinco (5) jugadores cada uno.<\/li>\n\n\n\n<li>Sistema de Puntuaci\u00f3n (Prix):&nbsp;Los equipos acumular\u00e1n puntos seg\u00fan su posici\u00f3n en cada etapa (100 puntos al 1\u00b0, 90 al 2\u00b0, descendiendo hasta el 9\u00b0 puesto; a partir del 10\u00b0 lugar, todos los participantes reciben 10 puntos).<\/li>\n<\/ul>\n\n\n\n<p>2. Instancia Presencial (Final Provincial):<\/p>\n\n\n\n<ul>\n<li>La Final se llevar\u00e1 a cabo el d\u00eda&nbsp;viernes 3 de octubre&nbsp;en la ciudad de Corrientes.<\/li>\n\n\n\n<li>Participar\u00e1n los diez (10) mejores equipos clasificados en la instancia digital.<\/li>\n\n\n\n<li>Se jugar\u00e1 bajo el sistema suizo a 6 rondas, con un ritmo de 6&#8217;+2&#8243;&nbsp;<\/li>\n<\/ul>\n\n\n\n<p>Cronograma de Encuentros Virtuales<\/p>\n\n\n\n<ul>\n<li>Mayo:&nbsp;16, 23 y 30.<\/li>\n\n\n\n<li>Junio:&nbsp;06, 13, 20 y 27.<\/li>\n\n\n\n<li>Julio:&nbsp;04 y 11.<\/li>\n\n\n\n<li>Agosto:&nbsp;01, 08, 15, 22 y 29.<\/li>\n\n\n\n<li>Septiembre:&nbsp;05 y 12.<\/li>\n<\/ul>\n\n\n\n<p>Invitaci\u00f3n y Registro On-Line<\/p>\n\n\n\n<p>Para formalizar la participaci\u00f3n, deben\u00a0contactarse con la Coordinadora Institucional de Pol\u00edticas Estudiantiles Virginia Denis Mansilla presencialmente o a trav\u00e9s del correo cipeisfdpag@gmail.com hasta el <strong>04\/05<\/strong><\/p>\n","protected":false},"excerpt":{"rendered":"<p>Desde la\u00a0Direcci\u00f3n General de Nivel Superior, en articulaci\u00f3n con la\u00a0Direcci\u00f3n General de Educaci\u00f3n F\u00edsica se invita a la comunidad educativa a participar en el\u00a0Programa de Ajedrez Educativo 2026. FECHA L\u00cdMITE: 4 de Mayo de 2026 El ajedrez educativo no solo fomenta el razonamiento l\u00f3gico, sino que tambi\u00e9n estimula la imaginaci\u00f3n, la creatividad y la capacidad &#8230; <a title=\"Invitaci\u00f3n &#8211; Programa de Ajedrez Educativo 2026\" class=\"read-more\" href=\"https:\/\/ifdgomez-crr.infd.edu.ar\/sitio\/invitacion-programa-de-ajedrez-educativo-2026\/\" aria-label=\"More on Invitaci\u00f3n &#8211; Programa de Ajedrez Educativo 2026\">[+]<\/a><\/p>\n","protected":false},"author":978,"featured_media":0,"comment_status":"open","ping_status":"open","sticky":false,"template":"","format":"standard","meta":[],"categories":[1],"tags":[],"acf":[],"_links":{"self":[{"href":"https:\/\/ifdgomez-crr.infd.edu.ar\/sitio\/wp-json\/wp\/v2\/posts\/5776"}],"collection":[{"href":"https:\/\/ifdgomez-crr.infd.edu.ar\/sitio\/wp-json\/wp\/v2\/posts"}],"about":[{"href":"https:\/\/ifdgomez-crr.infd.edu.ar\/sitio\/wp-json\/wp\/v2\/types\/post"}],"author":[{"embeddable":true,"href":"https:\/\/ifdgomez-crr.infd.edu.ar\/sitio\/wp-json\/wp\/v2\/users\/978"}],"replies":[{"embeddable":true,"href":"https:\/\/ifdgomez-crr.infd.edu.ar\/sitio\/wp-json\/wp\/v2\/comments?post=5776"}],"version-history":[{"count":1,"href":"https:\/\/ifdgomez-crr.infd.edu.ar\/sitio\/wp-json\/wp\/v2\/posts\/5776\/revisions"}],"predecessor-version":[{"id":5777,"href":"https:\/\/ifdgomez-crr.infd.edu.ar\/sitio\/wp-json\/wp\/v2\/posts\/5776\/revisions\/5777"}],"wp:attachment":[{"href":"https:\/\/ifdgomez-crr.infd.edu.ar\/sitio\/wp-json\/wp\/v2\/media?parent=5776"}],"wp:term":[{"taxonomy":"category","embeddable":true,"href":"https:\/\/ifdgomez-crr.infd.edu.ar\/sitio\/wp-json\/wp\/v2\/categories?post=5776"},{"taxonomy":"post_tag","embeddable":true,"href":"https:\/\/ifdgomez-crr.infd.edu.ar\/sitio\/wp-json\/wp\/v2\/tags?post=5776"}],"curies":[{"name":"wp","href":"https:\/\/api.w.org\/{rel}","templated":true}]}}