{"id":5812,"date":"2026-04-24T22:12:51","date_gmt":"2026-04-25T01:12:51","guid":{"rendered":"https:\/\/ifdgomez-crr.infd.edu.ar\/sitio\/?p=5812"},"modified":"2026-04-24T22:12:52","modified_gmt":"2026-04-25T01:12:52","slug":"segundo-turno-de-examenes-calendario-y-fechas-de-inscripcion","status":"publish","type":"post","link":"https:\/\/ifdgomez-crr.infd.edu.ar\/sitio\/segundo-turno-de-examenes-calendario-y-fechas-de-inscripcion\/","title":{"rendered":"Segundo turno de ex\u00e1menes: calendario y fechas de inscripci\u00f3n"},"content":{"rendered":"\n<p><strong>La inscripci\u00f3n al 2\u00b0 turno ex\u00e1menes finales<\/strong>\u00a0son los d\u00edas\u00a0<mark>27 y 28 de abril.<\/mark><\/p>\n\n\n\n<p><strong>\u00bfC\u00f3mo me inscribo?<\/strong><\/p>\n\n\n\n<p>Deber\u00e1n realizarlo por SIMA desde el m\u00f3dulo&nbsp;<a href=\"https:\/\/simaeducativa.mec.gob.ar\/modulo\/alumno\/?libres\">ALUMNO.<\/a><\/p>\n\n\n\n<p>1) Deber\u00e1 seleccionar todas las materias que pretenden rendir y reci\u00e9n ah\u00ed\u00a0<strong>FINALIZAR<\/strong>.<\/p>\n\n\n\n<p>2) Consultar el estado de sus inscripciones en:\u00a0<em><strong>Inscripciones Realizadas y Constancias \/ Ver Mis Ex\u00e1menes<\/strong><\/em><br>>Recuerden que deber\u00e1n realizarlo dentro de los plazos establecidos.<\/p>\n\n\n\n<p>>En el caso de no presentarse en un examen final que se hayan inscripto, podr\u00e1n solicitar 48Hs antes de la mesa de examen que se les borre. La solicitud deber\u00e1n realizarla por\u00a0<a href=\"https:\/\/ifdgomez-crr.infd.edu.ar\/sitio\/formularios-para-el-alumno\/\">nota<\/a>\u00a0dirigida al Rector y presentar a su preceptor\/a. No es posible realizar cambios el d\u00eda de la mesa de ex\u00e1menes.<\/p>\n\n\n\n<p>&gt;Deben presentarse a rendir en el horario indicado, con el programa y libreta del estudiante.<\/p>\n\n\n\n<p>>Aqu\u00ed podr\u00e1n descargar el\u00a0<a href=\"https:\/\/ifdgomez-crr.infd.edu.ar\/sitio\/wp-content\/uploads\/2026\/04\/MESAS-segundo-turno-MAYO-2026.docx\" data-type=\"URL\" data-id=\"https:\/\/ifdgomez-crr.infd.edu.ar\/sitio\/wp-content\/uploads\/2026\/04\/MESAS-segundo-turno-MAYO-2026.docx\">CALENDARIO<\/a>\u00a0de ex\u00e1menes, sujeto a modificaciones.<\/p>\n","protected":false},"excerpt":{"rendered":"<p>La inscripci\u00f3n al 2\u00b0 turno ex\u00e1menes finales\u00a0son los d\u00edas\u00a027 y 28 de abril. \u00bfC\u00f3mo me inscribo? Deber\u00e1n realizarlo por SIMA desde el m\u00f3dulo&nbsp;ALUMNO. 1) Deber\u00e1 seleccionar todas las materias que pretenden rendir y reci\u00e9n ah\u00ed\u00a0FINALIZAR. 2) Consultar el estado de sus inscripciones en:\u00a0Inscripciones Realizadas y Constancias \/ Ver Mis Ex\u00e1menes>Recuerden que deber\u00e1n realizarlo dentro de &#8230; <a title=\"Segundo turno de ex\u00e1menes: calendario y fechas de inscripci\u00f3n\" class=\"read-more\" href=\"https:\/\/ifdgomez-crr.infd.edu.ar\/sitio\/segundo-turno-de-examenes-calendario-y-fechas-de-inscripcion\/\" aria-label=\"More on Segundo turno de ex\u00e1menes: calendario y fechas de inscripci\u00f3n\">[+]<\/a><\/p>\n","protected":false},"author":978,"featured_media":0,"comment_status":"open","ping_status":"open","sticky":false,"template":"","format":"standard","meta":[],"categories":[1],"tags":[],"acf":[],"_links":{"self":[{"href":"https:\/\/ifdgomez-crr.infd.edu.ar\/sitio\/wp-json\/wp\/v2\/posts\/5812"}],"collection":[{"href":"https:\/\/ifdgomez-crr.infd.edu.ar\/sitio\/wp-json\/wp\/v2\/posts"}],"about":[{"href":"https:\/\/ifdgomez-crr.infd.edu.ar\/sitio\/wp-json\/wp\/v2\/types\/post"}],"author":[{"embeddable":true,"href":"https:\/\/ifdgomez-crr.infd.edu.ar\/sitio\/wp-json\/wp\/v2\/users\/978"}],"replies":[{"embeddable":true,"href":"https:\/\/ifdgomez-crr.infd.edu.ar\/sitio\/wp-json\/wp\/v2\/comments?post=5812"}],"version-history":[{"count":1,"href":"https:\/\/ifdgomez-crr.infd.edu.ar\/sitio\/wp-json\/wp\/v2\/posts\/5812\/revisions"}],"predecessor-version":[{"id":5815,"href":"https:\/\/ifdgomez-crr.infd.edu.ar\/sitio\/wp-json\/wp\/v2\/posts\/5812\/revisions\/5815"}],"wp:attachment":[{"href":"https:\/\/ifdgomez-crr.infd.edu.ar\/sitio\/wp-json\/wp\/v2\/media?parent=5812"}],"wp:term":[{"taxonomy":"category","embeddable":true,"href":"https:\/\/ifdgomez-crr.infd.edu.ar\/sitio\/wp-json\/wp\/v2\/categories?post=5812"},{"taxonomy":"post_tag","embeddable":true,"href":"https:\/\/ifdgomez-crr.infd.edu.ar\/sitio\/wp-json\/wp\/v2\/tags?post=5812"}],"curies":[{"name":"wp","href":"https:\/\/api.w.org\/{rel}","templated":true}]}}